{"id":2234,"date":"2020-06-02T08:17:59","date_gmt":"2020-06-02T06:17:59","guid":{"rendered":"https:\/\/www.skppsc.ch\/de\/?p=2234"},"modified":"2024-08-16T16:11:38","modified_gmt":"2024-08-16T14:11:38","slug":"jugendstrafrecht-wie-gut-kennen-sie-sich-wirklich-aus","status":"publish","type":"post","link":"https:\/\/www.skppsc.ch\/de\/jugendstrafrecht-wie-gut-kennen-sie-sich-wirklich-aus\/","title":{"rendered":"Jugendstrafrecht: Wie gut kennen Sie sich wirklich aus?"},"content":{"rendered":"<html><body><div class=\"default-container content-part\"><div class=\"inner-padding\">\n<p>In der SKP-Brosch\u00fcre \u00ab<a rel=\"noreferrer noopener\" aria-label=\"Jugendkriminalit\u00e4t: Alles, was Recht ist (opens in a new tab)\" href=\"https:\/\/www.skppsc.ch\/de\/download\/jugendkriminalitaet-alles-was-recht-ist\/\" target=\"_blank\">Jugendkriminalit\u00e4t: Alles, was Recht ist<\/a>\u00bb wird das <a href=\"https:\/\/www.admin.ch\/opc\/de\/classified-compilation\/20031353\/index.html\">Jugendstrafrecht<\/a> in der Schweiz Schritt f\u00fcr Schritt und mit Beispielen erkl\u00e4rt. Das Ziel des Jugendstrafrechts ist nicht Rache oder Vergeltung, sondern Resozialisierung und Nacherziehung.<\/p>\n\n\n\n<p>Viele Leute haben eine Meinung zum Jugendstrafrecht. Sie auch? \u00dcberpr\u00fcfen Sie selbst, wie gut Sie die Grunds\u00e4tze, den Geltungsbereich und die M\u00f6glichkeiten zu strafen wirklich kennen. Lesen Sie unsere Fallbeispiele und entscheiden Sie: Kann das sein?<\/p>\n\n\n\n<h2 class=\"wp-block-heading foreground-primary\">Freiheitsentzug f\u00fcr Minderj\u00e4hrige?<\/h2>\n\n\n\n<p>Mia (15) hat in den fr\u00fchen Morgenstunden einen \u00e4lteren Mann mit einem Messer verletzt, mehrmals gegen den Kopf getreten und sich danach nicht um ihn gek\u00fcmmert, sondern ihm noch das Handy und Portemonnaie gestohlen. Nun soll sie 8 Monate unbedingten Freiheitsentzug bekommen.<\/p>\n\n\n\n<p><\/p>\n\n\n\n<p>Stimmt das? <\/p>\n\n\n\n<p>Ja, ab 15 Jahren kann eine Jugendliche oder ein Jugendlicher mit Freiheitsentzug bis zu einem Jahr bestraft werden. Ab 16 Jahren k\u00f6nnen Jugendliche mit bis zu vier Jahren Freiheitsentzug bestraft werden.<\/p>\n\n\n\n<h2 class=\"wp-block-heading foreground-primary\">Jugendstrafrecht auch f\u00fcr Kinder?<\/h2>\n\n\n\n<p>Anna und Lia (beide 10) zwingen einen Erstkl\u00e4ssler dazu, sich vor ihnen zu entbl\u00f6ssen und mit seinem Penis zu spielen. Laut lachend filmen sie ihn dabei mit Lias Smartphone.<\/p>\n\n\n\n<p>Hat dieser Vorfall jugendstrafrechtliche Konsequenzen?<\/p>\n\n\n\n<p>Ja. Ab dem vollendeten 10. Lebensjahr ist man in der Schweiz strafm\u00fcndig. Das heisst, der Gesetzgeber traut Anna und Lia bereits zu, die Folgen ihrer Handlung so weit \u00fcberblicken zu k\u00f6nnen, dass sie bewusst anderen Schaden zuf\u00fcgen k\u00f6nnen und daher f\u00fcr diese Handlungen die strafrechtliche Verantwortung \u00fcbernehmen m\u00fcssen.<\/p>\n\n\n\n<h2 class=\"wp-block-heading foreground-primary\">Gleiche Tat, aber unterschiedliche Konsequenzen?<\/h2>\n\n\n\n<p>Yannick (15) und Sophie (14) haben zusammen und zu gleichen Anteilen die Turnhallent\u00fcr mit Obsz\u00f6nit\u00e4ten versprayt. Yannick muss danach zwei Tage lang mit den Mitarbeitenden der Gemeinde Abfall zusammenlesen. Sophie hingegen muss sich mehrere Male mit der Sozialarbeiterin der Jugendanwaltschaft treffen und vier Tage auf einem Bauernhof helfen. <\/p>\n\n\n\n<p>Kann das sein?<\/p>\n\n\n\n<p>Ja, und zwar dann, wenn eine T\u00e4terin oder ein T\u00e4ter keine Einsicht zeigt und die Gesamtlebenssituation problematisch ist: Yannick zeigt ehrliche Reue und hat sich ohne Aufforderung beim Hausdienst f\u00fcr die Sachbesch\u00e4digung entschuldigt. Er hat ein gutes Verh\u00e4ltnis zu seinen Eltern und ist ein angenehmer und guter Sch\u00fcler. Sophie hingegen zeigt keine Reue und ist in der Schule schon \u00f6fters negativ aufgefallen (Beleidigen von Mitsch\u00fcler*innen, Arbeitsverweigerung und Schw\u00e4nzen). Ihre Eltern sind mit ihr \u00fcberfordert. Damit Sophie nicht nochmals kriminell wird, braucht es auf Sicht des Jugendrichters oder der Jugendrichterin mehr als \u201enur\u201c eine pers\u00f6nliche Leistung als Strafe: Die pers\u00f6nliche Betreuung durch die Sozialarbeiterin wurde als Schutzmassnahme angeordnet. <\/p>\n\n\n\n<h2 class=\"wp-block-heading foreground-primary\">Alles, was Recht ist: Die Rechtsreihe der SKP<\/h2>\n\n\n\n<p>Folgende Produkte k\u00f6nnten Sie ebenfalls interessieren: \u00ab<a rel=\"noreferrer noopener\" aria-label=\"Cybermobbing: Alles, was Recht ist (opens in a new tab)\" href=\"https:\/\/www.skppsc.ch\/de\/download\/cybermobbing-alles-was-recht-ist\/\" target=\"_blank\">Cybermobbing: Alles, was Recht ist<\/a>\u00bb, \u00ab<a rel=\"noreferrer noopener\" aria-label=\"Pornografie: Alles, was Recht ist (opens in a new tab)\" href=\"https:\/\/www.skppsc.ch\/de\/download\/pornografie-alles-was-recht-ist\/\" target=\"_blank\">Pornografie: Alles, was Recht ist<\/a>\u00bb sowie \u00ab<a rel=\"noreferrer noopener\" aria-label=\"Das eigene Bild: Alles, was Recht ist (opens in a new tab)\" href=\"https:\/\/www.skppsc.ch\/de\/download\/das-eigene-bild-alles-was-recht-ist\/\" target=\"_blank\">Das eigene Bild: Alles, was Recht ist<\/a>\u00bb. <\/p>\n<\/div><\/div><\/body><\/html>","protected":false},"excerpt":{"rendered":"<p>In der SKP-Brosch\u00fcre \u00abJugendkriminalit\u00e4t: Alles, was Recht ist\u00bb wird das Jugendstrafrecht in der Schweiz Schritt f\u00fcr Schritt und mit Beispielen erkl\u00e4rt. Das Ziel des Jugendstrafrechts ist nicht Rache oder Vergeltung, sondern Resozialisierung und Nacherziehung. Viele Leute haben eine Meinung zum Jugendstrafrecht. Sie auch? \u00dcberpr\u00fcfen Sie selbst, wie gut Sie die Grunds\u00e4tze, den Geltungsbereich und die [&hellip;]<\/p>\n","protected":false},"author":6,"featured_media":994,"comment_status":"closed","ping_status":"closed","sticky":false,"template":"","format":"standard","meta":{"showSharingButtons":false,"skp-theme-color":"default","_subtitle":null,"alternative_title":null,"seoDescription":"","seoKeywords":"","seoTitle":"","featuredVideoEmbedCode":"","featuredYoutubeVideoId":"","notes":"","redirectToPostId":0,"editor_notices":[],"footnotes":""},"categories":[32,34,36],"topic":[2,13],"class_list":["post-2234","post","type-post","status-publish","format-standard","has-post-thumbnail","hentry","category-diebstahl","category-gewalt","category-urbane-sicherheit","topic-gewalt","topic-jugendgewalt"],"aioseo_notices":[],"_links":{"self":[{"href":"https:\/\/www.skppsc.ch\/de\/wp-json\/wp\/v2\/posts\/2234","targetHints":{"allow":["GET"]}}],"collection":[{"href":"https:\/\/www.skppsc.ch\/de\/wp-json\/wp\/v2\/posts"}],"about":[{"href":"https:\/\/www.skppsc.ch\/de\/wp-json\/wp\/v2\/types\/post"}],"author":[{"embeddable":true,"href":"https:\/\/www.skppsc.ch\/de\/wp-json\/wp\/v2\/users\/6"}],"replies":[{"embeddable":true,"href":"https:\/\/www.skppsc.ch\/de\/wp-json\/wp\/v2\/comments?post=2234"}],"version-history":[{"count":0,"href":"https:\/\/www.skppsc.ch\/de\/wp-json\/wp\/v2\/posts\/2234\/revisions"}],"wp:featuredmedia":[{"embeddable":true,"href":"https:\/\/www.skppsc.ch\/de\/wp-json\/wp\/v2\/media\/994"}],"wp:attachment":[{"href":"https:\/\/www.skppsc.ch\/de\/wp-json\/wp\/v2\/media?parent=2234"}],"wp:term":[{"taxonomy":"category","embeddable":true,"href":"https:\/\/www.skppsc.ch\/de\/wp-json\/wp\/v2\/categories?post=2234"},{"taxonomy":"topic","embeddable":true,"href":"https:\/\/www.skppsc.ch\/de\/wp-json\/wp\/v2\/topic?post=2234"}],"curies":[{"name":"wp","href":"https:\/\/api.w.org\/{rel}","templated":true}]}}