{"id":2449,"date":"2025-09-26T10:27:13","date_gmt":"2025-09-26T08:27:13","guid":{"rendered":"https:\/\/www.skppsc.ch\/fr\/?p=2449"},"modified":"2025-09-26T11:05:12","modified_gmt":"2025-09-26T09:05:12","slug":"pour-comprendre-vos-droits-apercu-des-regles-de-procedure-penale-en-suisse","status":"publish","type":"post","link":"https:\/\/www.skppsc.ch\/fr\/pour-comprendre-vos-droits-apercu-des-regles-de-procedure-penale-en-suisse\/","title":{"rendered":"Pour comprendre vos droits\u202f: aper\u00e7u des r\u00e8gles de proc\u00e9dure p\u00e9nale en Suiss..."},"content":{"rendered":"<html><body><div class=\"default-container content-part\"><div class=\"inner-padding\"><p class=\"post-excerpt\">Le Code de proc\u00e9dure p\u00e9nale (CPP) regroupe les aspects formels de la proc\u00e9dure p\u00e9nale et contient les r\u00e8gles l\u00e9gales qui s\u2019appliquent dans toute la Suisse depuis 2011. Il sert \u00e0 d\u00e9couvrir la v\u00e9rit\u00e9 selon des crit\u00e8res d\u00e9termin\u00e9s, et a pour but de garantir une proc\u00e9dure \u00e9quitable, efficace et uniforme. Le Code p\u00e9nal (CP), quant \u00e0 lui, d\u00e9finit les d\u00e9lits ainsi que les peines qui les sanctionnent.<\/p>\n\n\n<h2 class=\"wp-block-heading foreground-primary\">R\u00e9trospective\u202f: la proc\u00e9dure p\u00e9nale autrefois\u00a0<\/h2>\n\n\n\n<p>Avant l\u2019existence de lois r\u00e9gissant la proc\u00e9dure p\u00e9nale, les proc\u00e8s \u00e9taient souvent marqu\u00e9s par l\u2019arbitraire et la cruaut\u00e9. La litt\u00e9rature et le cin\u00e9ma nous montrent par exemple les pratiques sous l\u2019Inquisition (p\u00e9riode allant du Moyen-\u00c2ge \u00e0 l\u2019\u00e8re moderne), qui \u00e9taient sources d\u2019angoisses, de tortures et d\u2019injustices.\u00a0<\/p>\n\n\n\n<p>\u00c0 l\u2019\u00e9poque, les personnes pr\u00e9venues ne jouissaient pratiquement d\u2019aucun droit. L\u2019inquisiteur, qui combinait fr\u00e9quemment les r\u00f4les d\u2019accusateur et de juge, se pronon\u00e7ait sur la culpabilit\u00e9 et sur la peine. Les aveux \u00e9taient souvent obtenus sous la torture, et la pr\u00e9somption d\u2019innocence \u2013 principe qui va de soi de nos jours \u2013 n\u2019existait pas. La peine pouvait \u00eatre s\u00e9v\u00e8re et aller de l\u2019humiliation publique telle que le pilori jusqu\u2019\u00e0 l\u2019ex\u00e9cution en passant par la flagellation. La proc\u00e9dure n\u2019avait rien d\u2019\u00e9quitable au sens o\u00f9 nous l\u2019entendons aujourd\u2019hui.\u00a0<\/p>\n\n\n\n<p>Ce n\u2019est qu\u2019au XVIII<sup>e<\/sup> si\u00e8cle, \u00e0 l\u2019\u00e9poque des Lumi\u00e8res, que s\u2019est peu \u00e0 peu impos\u00e9e l\u2019id\u00e9e que m\u00eame les accus\u00e9s ont des droits. Progressivement, la protection contre la torture, le droit de la d\u00e9fense et l\u2019ind\u00e9pendance des tribunaux ont \u00e9t\u00e9 int\u00e9gr\u00e9s aux ordres juridiques europ\u00e9ens, au point de caract\u00e9riser aujourd\u2019hui les \u00c9tats de droit modernes tels que la Suisse.\u00a0<\/p>\n\n\n\n<p>Le Code de proc\u00e9dure p\u00e9nale suisse actuel fait prendre conscience de toute l\u2019\u00e9volution du droit p\u00e9nal, qui a remplac\u00e9 l\u2019arbitraire par une proc\u00e9dure transparente et r\u00e9gie par les principes de l\u2019\u00c9tat de droit.\u00a0<\/p>\n\n\n\n<h2 class=\"wp-block-heading foreground-primary\">D\u00e9roulement d\u2019une proc\u00e9dure p\u00e9nale\u00a0<\/h2>\n\n\n\n<p>Une proc\u00e9dure p\u00e9nale comporte plusieurs \u00e9tapes\u202f:\u00a0<\/p>\n\n\n\n<ol start=\"1\" class=\"wp-block-list\">\n<li><strong>Investigation polici\u00e8re\u202f:<\/strong> la police tire au clair les faits, rassemble les preuves et les traces, interroge les t\u00e9moins.\u00a0<\/li>\n\n\n\n<li><strong>Enqu\u00eate\u202f: <\/strong>lorsque les soup\u00e7ons sont suffisants, le minist\u00e8re public ouvre une enqu\u00eate formelle.<\/li>\n\n\n\n<li><strong>Accusation \/ classement \/ ordonnance p\u00e9nale\u202f:<\/strong> si les preuves sont suffisantes, le minist\u00e8re public proc\u00e8de \u00e0 une mise en accusation. Sinon, il classe la proc\u00e9dure. Pour les proc\u00e9dures relativement simples et les faits \u00e9tablis, l\u2019ordonnance p\u00e9nale est la r\u00e8gle. Seulement 5\u202f% des proc\u00e9dures environ aboutissent r\u00e9ellement devant un tribunal. Voir \u00e9galement <a href=\"https:\/\/www.beobachter.ch\/magazin\/gesetze-recht\/wer-sich-gegen-strafbefehle-wehrt-hat-oft-erfolg-608414\" target=\"_blank\" rel=\"noreferrer noopener\">ici.<\/a>\u00a0\u00a0<\/li>\n\n\n\n<li><strong>Audience de jugement\u202f: <\/strong>le tribunal examine et compl\u00e8te \u00e9ventuellement les preuves, entend les t\u00e9moins et les plaidoyers du minist\u00e8re public et de la d\u00e9fense. La personne accus\u00e9e a le droit de prendre la parole en dernier.\u00a0<\/li>\n\n\n\n<li><strong>Jugement et peine\u202f: <\/strong>le tribunal appr\u00e9cie toutes les preuves et d\u00e9lib\u00e8re \u00e0 huis clos. Il se prononce alors sur la culpabilit\u00e9 ou l\u2019innocence de la personne inculp\u00e9e ainsi que sur les sanctions.<\/li>\n\n\n\n<li><strong>Voies de recours\u202f: <\/strong>le jugement peut faire l\u2019objet d\u2019un appel ou d\u2019un recours. Dans ce cas, la proc\u00e9dure reprend devant une instance sup\u00e9rieure telle que le tribunal cantonal, voire le Tribunal f\u00e9d\u00e9ral.\u00a0<\/li>\n<\/ol>\n\n\n\n<h2 class=\"wp-block-heading foreground-primary\">Exemple fictif\u00a0<\/h2>\n\n\n\n<p>Un samedi soir dans la vieille ville de Berne, <strong>Lukas M.<\/strong> se dispute avec son ami <strong>Kevin S.<\/strong> et le frappe au visage. Kevin tombe et se fracture la m\u00e2choire. Ces faits peuvent \u00eatre qualifi\u00e9s de <strong>l\u00e9sions corporelles graves<\/strong> au sens de l\u2019<strong>art. 122 CP<\/strong>.\u00a0\u00a0<\/p>\n\n\n\n<h4 class=\"wp-block-heading\"><strong>Ouverture de la proc\u00e9dure p\u00e9nale<\/strong>\u00a0<\/h4>\n\n\n\n<p>La police enregistre les premi\u00e8res d\u00e9clarations et annonce l\u2019affaire au <strong>minist\u00e8re public<\/strong>, qui ouvre une instruction (<strong>art. 309 CPP<\/strong>). Elle entend Lukas et rassemble les preuves \u2013 notamment les rapports des m\u00e9decins et les d\u00e9clarations des t\u00e9moins.\u00a0<\/p>\n\n\n\n<h4 class=\"wp-block-heading\"><strong>Accusation et proc\u00e8s<\/strong>\u00a0<\/h4>\n\n\n\n<p>Une fois l\u2019enqu\u00eate close, le minist\u00e8re public proc\u00e8de \u00e0 la mise en accusation. Devant le tribunal de district, Lukas avoue les faits. Le tribunal tient compte de son remords ainsi que des cons\u00e9quences pour Kevin et prononce une <strong>peine privative de libert\u00e9 de 18 mois assortie du sursis <\/strong>et d\u2019une <strong>p\u00e9riode de mise \u00e0 l\u2019\u00e9preuve.<\/strong>\u00a0<\/p>\n\n\n\n<h2 class=\"wp-block-heading foreground-primary\">Droits des accus\u00e9s\u00a0<\/h2>\n\n\n\n<p>Le CPP garantit les droits et devoirs fondamentaux, qui sont notamment les suivants\u202f:\u00a0\u00a0<\/p>\n\n\n\n<ul class=\"wp-block-list\">\n<li><strong>Proc\u00e8s \u00e9quitable\u202f:<\/strong> le proc\u00e8s doit se d\u00e9rouler de mani\u00e8re \u00e9quitable et conform\u00e9ment \u00e0 la loi (<a href=\"https:\/\/www.fedlex.admin.ch\/eli\/cc\/2010\/267\/fr%22%20\/l%20%22art_3\" target=\"_blank\" rel=\"noreferrer noopener\">art. 3 CPP<\/a>).\u00a0<\/li>\n\n\n\n<li><strong>Pr\u00e9somption d\u2019innocence\u202f:<\/strong> l\u2019autorit\u00e9 p\u00e9nale doit prouver la culpabilit\u00e9 (<a href=\"https:\/\/www.fedlex.admin.ch\/eli\/cc\/2010\/267\/fr%22%20\/l%20%22art_10\" target=\"_blank\" rel=\"noreferrer noopener\">art. 10 CPP<\/a>). Tant qu\u2019elle n\u2019y est pas parvenue, toute personne est pr\u00e9sum\u00e9e innocente.\u00a0\u00a0<\/li>\n\n\n\n<li><strong>Droit \u00e0 la d\u00e9fense\u202f: <\/strong>toute personne pr\u00e9venue peut se faire assister d\u2019un conseil juridique (<a href=\"https:\/\/www.fedlex.admin.ch\/eli\/cc\/2010\/267\/fr%22%20\/l%20%22art_127\" target=\"_blank\" rel=\"noreferrer noopener\">art. 127 CPP<\/a>).\u00a0\u00a0<\/li>\n\n\n\n<li><strong>Droit de refuser de d\u00e9poser\u202f: <\/strong>nul n\u2019est tenu de d\u00e9poser contre soi-m\u00eame (principe \u00ab\u202fnemo tenetur\u202f\u00bb) (<a href=\"https:\/\/www.fedlex.admin.ch\/eli\/cc\/2010\/267\/fr#art_113\" target=\"_blank\" rel=\"noreferrer noopener\">art. 113 CPP<\/a>).<\/li>\n<\/ul>\n\n\n\n<h2 class=\"wp-block-heading foreground-primary\">Droits des victimes\u202fet des personnes l\u00e9s\u00e9es\u00a0<\/h2>\n\n\n\n<p>Les victimes et les personnes l\u00e9s\u00e9es par des actes punissables jouissent \u00e9galement de droits importants (\u00e9num\u00e9ration non exhaustive) (<a href=\"https:\/\/www.fedlex.admin.ch\/eli\/cc\/2010\/267\/fr#art_177\" target=\"_blank\" rel=\"noreferrer noopener\">art. 177 CPP<\/a>)\u202f:\u00a0\u00a0<\/p>\n\n\n\n<ul class=\"wp-block-list\">\n<li><strong>Droit \u00e0 la protection de la personnalit\u00e9\u202f: <\/strong>possibilit\u00e9 de demander le huis clos.<\/li>\n\n\n\n<li><strong>Droit \u00e0 l\u2019information\u202f: <\/strong>droit d\u2019\u00eatre inform\u00e9 sur les principales d\u00e9cisions de la proc\u00e9dure.\u00a0<\/li>\n\n\n\n<li><strong>Droit de se faire accompagner\u202f: <\/strong>droit de se faire accompagner par une personne de confiance.\u00a0<\/li>\n\n\n\n<li><strong>Droit de participer \u00e0 la proc\u00e9dure p\u00e9nale\u202f: <\/strong>droit de participer \u00e0 la proc\u00e9dure p\u00e9nale en tant que partie plaignante.\u00a0<\/li>\n\n\n\n<li><strong>Droit \u00e0 dommages et int\u00e9r\u00eats\u202f: <\/strong>droit de r\u00e9clamer des dommages et int\u00e9r\u00eats par le biais d\u2019une proc\u00e9dure civile.\u00a0<\/li>\n\n\n\n<li><strong>Les victimes mineures <\/strong>poss\u00e8dent des droits de protection et de participation particuliers, notamment lors de l\u2019interrogatoire et de la rencontre avec la personne accus\u00e9e.\u00a0<\/li>\n<\/ul>\n\n\n\n<h2 class=\"wp-block-heading foreground-primary\">Conclusion\u00a0<\/h2>\n\n\n\n<p>En comparaison historique, nous pouvons \u00eatre heureux de constater que de nos jours, toutes les personnes impliqu\u00e9es dans une proc\u00e9dure p\u00e9nale ont droit \u00e0 une proc\u00e9dure \u00e9quitable.\u00a0<\/p>\n\n\n\n<p>N\u00e9anmoins, l\u2019existence de r\u00e8gles et de lois n\u2019emp\u00eache pas l\u2019erreur humaine, comme dans le sport. Il est bien connu que devant les tribunaux, la justice n\u2019est jamais absolument garantie\u202f; il est donc d\u2019autant plus important que les proc\u00e9dures reposent sur une base solide et puissent se d\u00e9rouler de mani\u00e8re rigoureuse et transparente.\u00a0<\/p>\n\n\n\n<p><\/p>\n<\/div><\/div><\/body><\/html>","protected":false},"excerpt":{"rendered":"<p>Le Code de proc\u00e9dure p\u00e9nale (CPP) regroupe les aspects formels de la proc\u00e9dure p\u00e9nale et contient les r\u00e8gles l\u00e9gales qui s\u2019appliquent dans toute la Suisse depuis 2011. Il sert \u00e0 d\u00e9couvrir la v\u00e9rit\u00e9 selon des crit\u00e8res d\u00e9termin\u00e9s, et a pour but de garantir une proc\u00e9dure \u00e9quitable, efficace et uniforme. Le Code p\u00e9nal (CP), quant \u00e0 lui, d\u00e9finit les d\u00e9lits ainsi que les peines qui les sanctionnent.<\/p>\n","protected":false},"author":320,"featured_media":2451,"comment_status":"closed","ping_status":"closed","sticky":false,"template":"","format":"standard","meta":{"showSharingButtons":true,"skp-theme-color":"twelve","_subtitle":"","alternative_title":"","seoDescription":"","seoKeywords":"","seoTitle":"","featuredVideoEmbedCode":"","featuredYoutubeVideoId":"","notes":"","redirectToPostId":0,"editor_notices":[],"footnotes":""},"categories":[1,97],"topic":[],"class_list":["post-2449","post","type-post","status-publish","format-standard","has-post-thumbnail","hentry","category-blog","category-nouveautes"],"aioseo_notices":[],"_links":{"self":[{"href":"https:\/\/www.skppsc.ch\/fr\/wp-json\/wp\/v2\/posts\/2449","targetHints":{"allow":["GET"]}}],"collection":[{"href":"https:\/\/www.skppsc.ch\/fr\/wp-json\/wp\/v2\/posts"}],"about":[{"href":"https:\/\/www.skppsc.ch\/fr\/wp-json\/wp\/v2\/types\/post"}],"author":[{"embeddable":true,"href":"https:\/\/www.skppsc.ch\/fr\/wp-json\/wp\/v2\/users\/320"}],"replies":[{"embeddable":true,"href":"https:\/\/www.skppsc.ch\/fr\/wp-json\/wp\/v2\/comments?post=2449"}],"version-history":[{"count":0,"href":"https:\/\/www.skppsc.ch\/fr\/wp-json\/wp\/v2\/posts\/2449\/revisions"}],"wp:featuredmedia":[{"embeddable":true,"href":"https:\/\/www.skppsc.ch\/fr\/wp-json\/wp\/v2\/media\/2451"}],"wp:attachment":[{"href":"https:\/\/www.skppsc.ch\/fr\/wp-json\/wp\/v2\/media?parent=2449"}],"wp:term":[{"taxonomy":"category","embeddable":true,"href":"https:\/\/www.skppsc.ch\/fr\/wp-json\/wp\/v2\/categories?post=2449"},{"taxonomy":"topic","embeddable":true,"href":"https:\/\/www.skppsc.ch\/fr\/wp-json\/wp\/v2\/topic?post=2449"}],"curies":[{"name":"wp","href":"https:\/\/api.w.org\/{rel}","templated":true}]}}